{"id":2671,"date":"2025-03-04T19:16:51","date_gmt":"2025-03-04T18:16:51","guid":{"rendered":"https:\/\/arxiuregnemallorca.com\/?p=2671"},"modified":"2025-03-12T19:20:13","modified_gmt":"2025-03-12T18:20:13","slug":"restricciones-en-el-numero-de-documentos","status":"publish","type":"post","link":"https:\/\/arxiuregnemallorca.com\/es\/restricciones-en-el-numero-de-documentos\/","title":{"rendered":"Restricciones en el numero de documentos"},"content":{"rendered":"<p style=\"text-align: center;\">Informamos al p\u00fablico investigador que, dado el incremento cuantitativo de personas en la sala de investigadores en las \u00faltimas semanas y la coincidencia con bajas laborales que afectan al servicio, el n\u00famero de documentos que podr\u00e1 pedir cada persona ser\u00e1 de 6 por turno. Por lo que respecta a los protocolos notariales que tienen la firma con el nombre y apellidos del notario, la solicitud queda limitada a tres vol\u00famenes, por turno.<\/p>\n","protected":false},"excerpt":{"rendered":"<p>Informamos al p\u00fablico investigador que, dado el incremento cuantitativo de personas en la sala de investigadores en las \u00faltimas semanas y la coincidencia con bajas laborales que afectan al servicio, el n\u00famero de documentos que podr\u00e1 pedir cada persona ser\u00e1 de 6 por turno. Por lo que respecta a los protocolos notariales que tienen laLlegir m\u00e9s &#8230;<\/p>\n","protected":false},"author":1,"featured_media":0,"comment_status":"closed","ping_status":"closed","sticky":false,"template":"","format":"standard","meta":{"_et_pb_use_builder":"","_et_pb_old_content":"","_et_gb_content_width":"","footnotes":""},"categories":[56],"tags":[],"class_list":["post-2671","post","type-post","status-publish","format-standard","hentry","category-noticias"],"_links":{"self":[{"href":"https:\/\/arxiuregnemallorca.com\/es\/wp-json\/wp\/v2\/posts\/2671","targetHints":{"allow":["GET"]}}],"collection":[{"href":"https:\/\/arxiuregnemallorca.com\/es\/wp-json\/wp\/v2\/posts"}],"about":[{"href":"https:\/\/arxiuregnemallorca.com\/es\/wp-json\/wp\/v2\/types\/post"}],"author":[{"embeddable":true,"href":"https:\/\/arxiuregnemallorca.com\/es\/wp-json\/wp\/v2\/users\/1"}],"replies":[{"embeddable":true,"href":"https:\/\/arxiuregnemallorca.com\/es\/wp-json\/wp\/v2\/comments?post=2671"}],"version-history":[{"count":0,"href":"https:\/\/arxiuregnemallorca.com\/es\/wp-json\/wp\/v2\/posts\/2671\/revisions"}],"wp:attachment":[{"href":"https:\/\/arxiuregnemallorca.com\/es\/wp-json\/wp\/v2\/media?parent=2671"}],"wp:term":[{"taxonomy":"category","embeddable":true,"href":"https:\/\/arxiuregnemallorca.com\/es\/wp-json\/wp\/v2\/categories?post=2671"},{"taxonomy":"post_tag","embeddable":true,"href":"https:\/\/arxiuregnemallorca.com\/es\/wp-json\/wp\/v2\/tags?post=2671"}],"curies":[{"name":"wp","href":"https:\/\/api.w.org\/{rel}","templated":true}]}}