{"id":2663,"date":"2024-12-20T18:55:29","date_gmt":"2024-12-20T17:55:29","guid":{"rendered":"https:\/\/arxiuregnemallorca.com\/?p=2663"},"modified":"2025-03-12T19:08:20","modified_gmt":"2025-03-12T18:08:20","slug":"horario-de-navidad","status":"publish","type":"post","link":"https:\/\/arxiuregnemallorca.com\/es\/horario-de-navidad\/","title":{"rendered":"HORARIO DE NAVIDAD"},"content":{"rendered":"<p style=\"text-align: center;\">DEL 19 DE DICIEMBRE AL 6 DE ENERO,<\/p>\n<p style=\"text-align: center;\">EL HORARIO DE LA SALA DE INVESTIGADORES SER\u00c1 DE 9 A 14H.<\/p>\n<p style=\"text-align: center;\">\u2014\u2014\u2013<\/p>\n<p style=\"text-align: center;\">LOS D\u00cdAS 24, 25, 26 Y 31 DE DICIEMBRE Y EL 1 Y 6 DE ENERO : CERRADO<br \/>\nRESERVA DE DOCUMENTACI\u00d3N: LOS D\u00cdAS 23,27 Y 30 DE DICIEMBRE S\u00d3LO SE PODR\u00c1 CONSULTAR LA DOCUMENTACI\u00d3N RESERVADA COMO M\u00c1XIMO EL 18 DE DICIEMBRE EN EL CORREO ARM@ARXREGNE.CAIB.ES O DIRECTAMENTE EN LA SALA DE INVESTIGADORES. M\u00c1XIMO 5 DOCUMENTOS POR D\u00cdA.<\/p>\n","protected":false},"excerpt":{"rendered":"<p>DEL 19 DE DICIEMBRE AL 6 DE ENERO, EL HORARIO DE LA SALA DE INVESTIGADORES SER\u00c1 DE 9 A 14H. \u2014\u2014\u2013 LOS D\u00cdAS 24, 25, 26 Y 31 DE DICIEMBRE Y EL 1 Y 6 DE ENERO : CERRADO RESERVA DE DOCUMENTACI\u00d3N: LOS D\u00cdAS 23,27 Y 30 DE DICIEMBRE S\u00d3LO SE PODR\u00c1 CONSULTAR LA DOCUMENTACI\u00d3NLlegir m\u00e9s &#8230;<\/p>\n","protected":false},"author":1,"featured_media":0,"comment_status":"closed","ping_status":"closed","sticky":false,"template":"","format":"standard","meta":{"_et_pb_use_builder":"","_et_pb_old_content":"","_et_gb_content_width":"","footnotes":""},"categories":[56],"tags":[],"class_list":["post-2663","post","type-post","status-publish","format-standard","hentry","category-noticias"],"_links":{"self":[{"href":"https:\/\/arxiuregnemallorca.com\/es\/wp-json\/wp\/v2\/posts\/2663","targetHints":{"allow":["GET"]}}],"collection":[{"href":"https:\/\/arxiuregnemallorca.com\/es\/wp-json\/wp\/v2\/posts"}],"about":[{"href":"https:\/\/arxiuregnemallorca.com\/es\/wp-json\/wp\/v2\/types\/post"}],"author":[{"embeddable":true,"href":"https:\/\/arxiuregnemallorca.com\/es\/wp-json\/wp\/v2\/users\/1"}],"replies":[{"embeddable":true,"href":"https:\/\/arxiuregnemallorca.com\/es\/wp-json\/wp\/v2\/comments?post=2663"}],"version-history":[{"count":0,"href":"https:\/\/arxiuregnemallorca.com\/es\/wp-json\/wp\/v2\/posts\/2663\/revisions"}],"wp:attachment":[{"href":"https:\/\/arxiuregnemallorca.com\/es\/wp-json\/wp\/v2\/media?parent=2663"}],"wp:term":[{"taxonomy":"category","embeddable":true,"href":"https:\/\/arxiuregnemallorca.com\/es\/wp-json\/wp\/v2\/categories?post=2663"},{"taxonomy":"post_tag","embeddable":true,"href":"https:\/\/arxiuregnemallorca.com\/es\/wp-json\/wp\/v2\/tags?post=2663"}],"curies":[{"name":"wp","href":"https:\/\/api.w.org\/{rel}","templated":true}]}}